{"id":3622,"date":"2024-11-28T23:49:56","date_gmt":"2024-11-28T22:49:56","guid":{"rendered":"https:\/\/bajamont.com\/?p=3622"},"modified":"2024-11-28T23:56:07","modified_gmt":"2024-11-28T22:56:07","slug":"amenagement-rn-21-reunion-publique-du-22-novembre-suite","status":"publish","type":"post","link":"https:\/\/bajamont.com\/amenagement-rn-21-reunion-publique-du-22-novembre-suite\/","title":{"rendered":"Am\u00e9nagement RN 21, r\u00e9union publique du 22 novembre, suite&#8230;"},"content":{"rendered":"\n<p><\/p>\n\n\n\n<p>Courrier de Mr le maire de Bajamont , Mr Patrick Buisson \u00e0 : <\/p>\n\n\n\n<p>DREAL Nouvelle-Aquitaine\/SDIT\/DIRNB<\/p>\n\n\n\n<p><\/p>\n\n\n\n<p><strong>Objet\u00a0:<\/strong>\u00a0TR: Suite \u00e0 r\u00e9union publique modifications<\/p>\n\n\n\n<p>Mesdames, Monsieur,<\/p>\n\n\n\n<p>Au cours de la r\u00e9union publique de vendredi dernier, 22 novembre, dont l&rsquo;objet \u00e9tait de pr\u00e9senter, sur la section Agen-Nord, les r\u00e9tablissements que l&rsquo;\u00e9tat va mettre en place sur la base d&rsquo;un trac\u00e9 ent\u00e9rin\u00e9 fin 2023, plusieurs pr\u00e9occupations ont \u00e9t\u00e9 exprim\u00e9es par les Bajamontais, pr\u00e9occupations partag\u00e9es par le conseil municipal.<\/p>\n\n\n\n<p>Je souhaite ici les rappeler&nbsp;:<\/p>\n\n\n\n<ul class=\"wp-block-list\">\n<li>Que les r\u00e9tablissements soient techniquement compatibles avec tous les usages ant\u00e9rieurs&nbsp;: agricole, passage de v\u00e9hicules l\u00e9gers \u2026et n\u2019entrainent en aucun cas une r\u00e9duction de service,<\/li>\n\n\n\n<li>Que les r\u00e9tablissements entrainent le minimum de r\u00e9duction en terme d\u2019usage des parcelles impact\u00e9es. Pour ce faire, elles devront \u00eatre positionn\u00e9es le plus pr\u00e8s possible des nouvelles structures (voies, rond-point \u2026) laissant ainsi des surfaces restantes, d\u2019un seul tenant, optimis\u00e9es,<\/li>\n\n\n\n<li>L\u2019acc\u00e8s au service devra &nbsp;\u00eatre maintenu&nbsp;: en la mati\u00e8re et en particulier, la probl\u00e9matique de l\u2019acc\u00e8s au transport en commun ligne Villeneuve \/ Agen a \u00e9t\u00e9 mise en avant, le d\u00e9tournement par le rond-point de \u00ab&nbsp;La Belette&nbsp;\u00bb le rendant \u00e0 pied inaccessible. Ce probl\u00e8me ne semble pas avoir \u00e9t\u00e9 identifi\u00e9 et reste majeur et \u00e0 solutionner. Plus globalement, depuis la suppression du pont pour le passage sup\u00e9rieur, nous n&rsquo;avons plus de passage pi\u00e9tons, v\u00e9los, sur l&rsquo;ancienne RN pour aller vers Artigues, il est \u00e9galement n\u00e9cessaire de maintenir la continuit\u00e9 des circuits de randonn\u00e9es,<\/li>\n\n\n\n<li>Le r\u00e9tablissement de la voie de Saint-Pierre La Feuille sur le rond-point de La croix Blanche est une pr\u00e9occupation importante des usagers. Outre le d\u00e9tour, l\u2019acc\u00e8s significativement augment\u00e9 au village de Bajamont pose probl\u00e8me. La discussion s\u2019orientant sur les \u00e9l\u00e9ments qui ont amen\u00e9s ce choix technique, en opposition \u00e0 un passage sous RN 21 \u00e0 l\u2019instar du passage pour d\u00e9placement doux, passage plus direct,&nbsp;<strong><u>je souhaite disposer de ces \u00e9l\u00e9ments afin de les communiquer \u00e0 la population,<\/u><\/strong><\/li>\n\n\n\n<li>Les modalit\u00e9s d\u2019installation de dispositifs anti-bruit sont abord\u00e9es par les riverains proches, mais \u00e9galement plus \u00e9loign\u00e9s (ph\u00e9nom\u00e8nes de diffusion\u2026) craignant l\u2019augmentation des nuisances,<\/li>\n\n\n\n<li>La mairie signale \u00e0 nouveau la vigilance indispensable au traitement des eaux de pluie.<\/li>\n<\/ul>\n\n\n\n<p>Je vous remercie pour votre retour.<\/p>\n\n\n\n<p>Cordialement,<\/p>\n\n\n\n<p>Le Maire,<\/p>\n\n\n\n<p>Patrick BUISSON<\/p>\n\n\n\n<p><\/p>\n","protected":false},"excerpt":{"rendered":"<p>Courrier de Mr le maire de Bajamont , Mr Patrick Buisson \u00e0 : DREAL Nouvelle-Aquitaine\/SDIT\/DIRNB Objet\u00a0:\u00a0TR: Suite \u00e0 r\u00e9union publique modifications Mesdames, Monsieur, Au cours de la r\u00e9union publique de vendredi dernier, 22 novembre, dont l&rsquo;objet \u00e9tait de pr\u00e9senter, sur la section Agen-Nord, les r\u00e9tablissements que l&rsquo;\u00e9tat va mettre en place sur la base d&rsquo;un trac\u00e9 ent\u00e9rin\u00e9 fin 2023, plusieurs pr\u00e9occupations ont \u00e9t\u00e9 exprim\u00e9es par les Bajamontais, pr\u00e9occupations partag\u00e9es par le conseil municipal. Je souhaite ici les rappeler&nbsp;: Je vous remercie pour votre retour. Cordialement, Le Maire, Patrick BUISSON<\/p>\n","protected":false},"author":2,"featured_media":3514,"comment_status":"open","ping_status":"open","sticky":false,"template":"","format":"standard","meta":{"footnotes":""},"categories":[50,53,47,1],"tags":[],"class_list":["post-3622","post","type-post","status-publish","format-standard","has-post-thumbnail","hentry","category-cadre-de-vie","category-habitat-et-urbanisme","category-transports","category-vie-communautaire"],"_links":{"self":[{"href":"https:\/\/bajamont.com\/wp-json\/wp\/v2\/posts\/3622","targetHints":{"allow":["GET"]}}],"collection":[{"href":"https:\/\/bajamont.com\/wp-json\/wp\/v2\/posts"}],"about":[{"href":"https:\/\/bajamont.com\/wp-json\/wp\/v2\/types\/post"}],"author":[{"embeddable":true,"href":"https:\/\/bajamont.com\/wp-json\/wp\/v2\/users\/2"}],"replies":[{"embeddable":true,"href":"https:\/\/bajamont.com\/wp-json\/wp\/v2\/comments?post=3622"}],"version-history":[{"count":2,"href":"https:\/\/bajamont.com\/wp-json\/wp\/v2\/posts\/3622\/revisions"}],"predecessor-version":[{"id":3625,"href":"https:\/\/bajamont.com\/wp-json\/wp\/v2\/posts\/3622\/revisions\/3625"}],"wp:featuredmedia":[{"embeddable":true,"href":"https:\/\/bajamont.com\/wp-json\/wp\/v2\/media\/3514"}],"wp:attachment":[{"href":"https:\/\/bajamont.com\/wp-json\/wp\/v2\/media?parent=3622"}],"wp:term":[{"taxonomy":"category","embeddable":true,"href":"https:\/\/bajamont.com\/wp-json\/wp\/v2\/categories?post=3622"},{"taxonomy":"post_tag","embeddable":true,"href":"https:\/\/bajamont.com\/wp-json\/wp\/v2\/tags?post=3622"}],"curies":[{"name":"wp","href":"https:\/\/api.w.org\/{rel}","templated":true}]}}