{"id":4636,"date":"2026-03-10T16:10:12","date_gmt":"2026-03-10T15:10:12","guid":{"rendered":"https:\/\/bajamont.com\/?p=4636"},"modified":"2026-03-23T19:46:07","modified_gmt":"2026-03-23T18:46:07","slug":"cartes-electorales","status":"publish","type":"post","link":"https:\/\/bajamont.com\/cartes-electorales\/","title":{"rendered":"Cartes \u00e9lectorales &#8211; Informations concernant les \u00e9lections de dimanche 15 mars 2026"},"content":{"rendered":"\n<p>\u00ab&nbsp;Les cartes \u00e9lectorales ne sont pas renouvel\u00e9es cette ann\u00e9e pour l\u2019ensemble des bajamontais. Seuls les bajamontais inscrits depuis le 4 mai 2024 vont la recevoir dans les prochains jours. Elle n\u2019est pas obligatoire pour voter.<\/p>\n\n\n\n<p>En revanche, en cas de perte ou de vol de votre carte \u00e9lectorale, la commune d\u00e9passant d\u00e9sormais les 1 000 habitants, vous devrez imp\u00e9rativement pr\u00e9senter l\u2019un des justificatifs d\u2019identit\u00e9 suivants&nbsp;:<\/p>\n\n\n\n<p>1\u00b0 Carte nationale d\u2019identit\u00e9 ;<\/p>\n\n\n\n<p>2\u00b0 Passeport ;<\/p>\n\n\n\n<p>3\u00b0 Carte d\u2019identit\u00e9 de parlementaire avec photographie, d\u00e9livr\u00e9e par le pr\u00e9sident d\u2019une assembl\u00e9e parlementaire ;<\/p>\n\n\n\n<p>4\u00b0 Carte d\u2019identit\u00e9 d\u2019\u00e9lu local avec photographie, d\u00e9livr\u00e9e par le repr\u00e9sentant de l\u2019Etat ;<\/p>\n\n\n\n<p>5\u00b0 Carte vitale avec photographie ;<\/p>\n\n\n\n<p>6\u00b0 Carte du combattant avec photographie, d\u00e9livr\u00e9e par l\u2019Office national des anciens combattants et victimes de guerre ;<\/p>\n\n\n\n<p>7\u00b0 Carte d\u2019invalidit\u00e9 ou carte de mobilit\u00e9 inclusion avec photographie ;<\/p>\n\n\n\n<p>8\u00b0 Carte d\u2019identit\u00e9 de fonctionnaire de l\u2019Etat avec photographie ;<\/p>\n\n\n\n<p>9\u00b0 Carte d\u2019identit\u00e9 ou carte de circulation avec photographie, d\u00e9livr\u00e9e par les autorit\u00e9s militaires ;<\/p>\n\n\n\n<p>10\u00b0 Permis de conduire s\u00e9curis\u00e9 conforme au format \u00ab Union europ\u00e9enne \u00bb ou, jusqu&rsquo;au 19 janvier 2033, permis de conduire rose cartonn\u00e9 \u00e9dit\u00e9 avant le 19 janvier 2013 ;<\/p>\n\n\n\n<p><em>La mise en place d\u00e9finitive du permis de conduire s\u00e9curis\u00e9 conforme au format \u00ab\u00a0Union europ\u00e9enne\u00a0\u00bb n&rsquo;\u00e9tant pr\u00e9vue que pour janvier 2033, l&rsquo;\u00e9lecteur peut, jusqu&rsquo;\u00e0 cette date, pr\u00e9senter au moment du vote un permis de conduire en carton qui comporte sa photographie.<\/em><\/p>\n\n\n\n<p>11\u00b0 Permis de chasser avec photographie, d\u00e9livr\u00e9 par l\u2019Office national de la chasse et de la faune sauvage ;<\/p>\n\n\n\n<p>12\u00b0 R\u00e9c\u00e9piss\u00e9 valant justification de l\u2019identit\u00e9, d\u00e9livr\u00e9 en \u00e9change des pi\u00e8ces d\u2019identit\u00e9 en cas de contr\u00f4le judiciaire, en application de l&rsquo;article L. 224-1 du code de la s\u00e9curit\u00e9 int\u00e9rieure.<\/p>\n\n\n\n<p>Ces titres doivent \u00eatre en cours de validit\u00e9, \u00e0 l\u2019exception de la carte nationale d\u2019identit\u00e9 et du passeport qui peuvent \u00eatre pr\u00e9sent\u00e9s en cours de validit\u00e9 ou p\u00e9rim\u00e9s depuis moins de cinq ans&nbsp;\u00bb.<\/p>\n","protected":false},"excerpt":{"rendered":"<p>\u00ab&nbsp;Les cartes \u00e9lectorales ne sont pas renouvel\u00e9es cette ann\u00e9e pour l\u2019ensemble des bajamontais. Seuls les bajamontais inscrits depuis le 4 mai 2024 vont la recevoir dans les prochains jours. Elle n\u2019est pas obligatoire pour voter. En revanche, en cas de perte ou de vol de votre carte \u00e9lectorale, la commune d\u00e9passant d\u00e9sormais les 1 000 habitants, vous devrez imp\u00e9rativement pr\u00e9senter l\u2019un des justificatifs d\u2019identit\u00e9 suivants&nbsp;: 1\u00b0 Carte nationale d\u2019identit\u00e9 ; 2\u00b0 Passeport ; 3\u00b0 Carte d\u2019identit\u00e9 de parlementaire avec photographie, d\u00e9livr\u00e9e par le pr\u00e9sident d\u2019une assembl\u00e9e parlementaire ; 4\u00b0 Carte d\u2019identit\u00e9 d\u2019\u00e9lu local avec photographie, d\u00e9livr\u00e9e par le repr\u00e9sentant de l\u2019Etat ; 5\u00b0 Carte vitale avec photographie ; 6\u00b0 Carte du combattant avec photographie, d\u00e9livr\u00e9e par l\u2019Office national des anciens combattants et victimes de guerre ; 7\u00b0 Carte d\u2019invalidit\u00e9 ou carte de mobilit\u00e9 inclusion avec photographie ; 8\u00b0 Carte d\u2019identit\u00e9 de fonctionnaire de l\u2019Etat avec photographie ; 9\u00b0 Carte d\u2019identit\u00e9 ou carte de circulation avec photographie, d\u00e9livr\u00e9e par les autorit\u00e9s militaires ; 10\u00b0 Permis de conduire s\u00e9curis\u00e9 conforme au format \u00ab Union europ\u00e9enne \u00bb ou, jusqu&rsquo;au 19 janvier 2033, permis de conduire rose cartonn\u00e9 \u00e9dit\u00e9 avant le 19 janvier 2013 ; La mise en place d\u00e9finitive du permis de conduire s\u00e9curis\u00e9 conforme au format \u00ab\u00a0Union europ\u00e9enne\u00a0\u00bb n&rsquo;\u00e9tant pr\u00e9vue que pour janvier 2033, l&rsquo;\u00e9lecteur peut, jusqu&rsquo;\u00e0 cette date, pr\u00e9senter au moment du vote un permis de conduire en carton qui comporte sa photographie. 11\u00b0 Permis de chasser avec photographie, d\u00e9livr\u00e9 par l\u2019Office national de la chasse et de la faune sauvage ; 12\u00b0 R\u00e9c\u00e9piss\u00e9 valant justification de l\u2019identit\u00e9, d\u00e9livr\u00e9 en \u00e9change des pi\u00e8ces d\u2019identit\u00e9 en cas de contr\u00f4le judiciaire, en application de l&rsquo;article L. 224-1 du code de la s\u00e9curit\u00e9 int\u00e9rieure. Ces titres doivent \u00eatre en cours de validit\u00e9, \u00e0 l\u2019exception de la carte nationale d\u2019identit\u00e9 et du passeport qui peuvent \u00eatre pr\u00e9sent\u00e9s en cours de validit\u00e9 ou p\u00e9rim\u00e9s depuis moins de cinq ans&nbsp;\u00bb.<\/p>\n","protected":false},"author":2,"featured_media":4660,"comment_status":"open","ping_status":"open","sticky":false,"template":"","format":"standard","meta":{"footnotes":""},"categories":[1],"tags":[],"class_list":["post-4636","post","type-post","status-publish","format-standard","has-post-thumbnail","hentry","category-vie-communautaire"],"_links":{"self":[{"href":"https:\/\/bajamont.com\/wp-json\/wp\/v2\/posts\/4636","targetHints":{"allow":["GET"]}}],"collection":[{"href":"https:\/\/bajamont.com\/wp-json\/wp\/v2\/posts"}],"about":[{"href":"https:\/\/bajamont.com\/wp-json\/wp\/v2\/types\/post"}],"author":[{"embeddable":true,"href":"https:\/\/bajamont.com\/wp-json\/wp\/v2\/users\/2"}],"replies":[{"embeddable":true,"href":"https:\/\/bajamont.com\/wp-json\/wp\/v2\/comments?post=4636"}],"version-history":[{"count":2,"href":"https:\/\/bajamont.com\/wp-json\/wp\/v2\/posts\/4636\/revisions"}],"predecessor-version":[{"id":4638,"href":"https:\/\/bajamont.com\/wp-json\/wp\/v2\/posts\/4636\/revisions\/4638"}],"wp:featuredmedia":[{"embeddable":true,"href":"https:\/\/bajamont.com\/wp-json\/wp\/v2\/media\/4660"}],"wp:attachment":[{"href":"https:\/\/bajamont.com\/wp-json\/wp\/v2\/media?parent=4636"}],"wp:term":[{"taxonomy":"category","embeddable":true,"href":"https:\/\/bajamont.com\/wp-json\/wp\/v2\/categories?post=4636"},{"taxonomy":"post_tag","embeddable":true,"href":"https:\/\/bajamont.com\/wp-json\/wp\/v2\/tags?post=4636"}],"curies":[{"name":"wp","href":"https:\/\/api.w.org\/{rel}","templated":true}]}}